{"id":550,"date":"2026-03-02T09:00:00","date_gmt":"2026-03-02T08:00:00","guid":{"rendered":"https:\/\/saraworkwear.com\/blog\/?p=550"},"modified":"2026-04-20T09:48:40","modified_gmt":"2026-04-20T07:48:40","slug":"spodnie-do-pasa-robocze-uniwersalny-wybor-do-roznych-branz","status":"publish","type":"post","link":"https:\/\/saraworkwear.com\/blog\/spodnie-do-pasa-robocze-uniwersalny-wybor-do-roznych-branz\/","title":{"rendered":"Spodnie do pasa robocze uniwersalny wyb\u00f3r do r\u00f3\u017cnych bran\u017c"},"content":{"rendered":"\n<p>Spodnie do pasa robocze stanowi\u0105 nieod\u0142\u0105czn\u0105 cz\u0119\u015b\u0107 wyposa\u017cenia wielu pracownik\u00f3w, \u0142\u0105cz\u0105c wygod\u0119, funkcjonalno\u015b\u0107 i styl. Bez wzgl\u0119du na to, czy pracujesz w budownictwie, warsztacie samochodowym, czy na farmie, odpowiednio dobrane spodnie robocze mog\u0105 znacz\u0105co wp\u0142yn\u0105\u0107 na komfort i efektywno\u015b\u0107 pracy. W tym artykule om\u00f3wimy, jakie cechy powinny posiada\u0107 idealne egzemplarze oraz jak dostosowa\u0107 ich wyb\u00f3r do specyfiki danej bran\u017cy. Przeczytaj, aby dowiedzie\u0107 si\u0119, jak uniwersalne s\u0105 spodnie do pasa i jak dobrze mog\u0105 s\u0142u\u017cy\u0107 w Twojej codziennej pracy.<\/p>\n\n\n\n<p>Z artyku\u0142u dowiesz si\u0119:<\/p>\n\n\n\n<ul class=\"wp-block-list\">\n<li>Jakie s\u0105 kluczowe cechy spodni do pasa roboczych, kt\u00f3re czyni\u0105 je uniwersalnym wyborem.<\/li>\n\n\n\n<li>Na jakie materia\u0142y i technologie warto zwr\u00f3ci\u0107 uwag\u0119 przy zakupie odzie\u017cy roboczej.<\/li>\n\n\n\n<li>Jak dopasowa\u0107 spodnie do pasa do specyficznych wymaga\u0144 Twojej pracy.<\/li>\n\n\n\n<li>W jaki spos\u00f3b spodnie do pasa mog\u0105 zwi\u0119kszy\u0107 komfort pracy.<\/li>\n\n\n\n<li>O znaczeniu odpowiednio dobranych wzmocnie\u0144 i element\u00f3w ochronnych.<\/li>\n\n\n\n<li>Jakie dodatkowe funkcje mog\u0105 mie\u0107 spodnie robocze, takie jak kieszenie czy elementy odblaskowe.<\/li>\n<\/ul>\n\n\n\n<h2 class=\"wp-block-heading\">Uniwersalno\u015b\u0107 spodni do pasa roboczych<\/h2>\n\n\n\n<p>Spodnie do pasa robocze to uniwersalny wyb\u00f3r dla pracownik\u00f3w r\u00f3\u017cnych bran\u017c. Ich wszechstronno\u015b\u0107 wynika z po\u0142\u0105czenia komfortu, funkcjonalno\u015bci i trwa\u0142o\u015bci. Dzi\u0119ki zastosowaniu mocnych tkanin, takich jak mieszanki poliestru i bawe\u0142ny, spodnie te s\u0105 odporne na przetarcia i rozdarcia, co zapewnia d\u0142ugotrwa\u0142e u\u017cytkowanie. Dodatkowe wzmocnienia w kluczowych miejscach, na przyk\u0142ad na kolanach, zwi\u0119kszaj\u0105 ich wytrzyma\u0142o\u015b\u0107, co jest istotne w wymagaj\u0105cych warunkach pracy.<\/p>\n\n\n\n<p>Funkcjonalno\u015b\u0107 spodni do pasa roboczych przejawia si\u0119 w licznych kieszeniach, umo\u017cliwiaj\u0105cych przechowywanie narz\u0119dzi i akcesori\u00f3w niezb\u0119dnych podczas pracy. Ergonomiczny kr\u00f3j zapewnia swobod\u0119 ruch\u00f3w, co jest bardzo wa\u017cne dla efektywno\u015bci i komfortu u\u017cytkownika. R\u00f3\u017cnorodno\u015b\u0107 dost\u0119pnych modeli, kolor\u00f3w i materia\u0142\u00f3w pozwala na dopasowanie spodni do specyficznych potrzeb r\u00f3\u017cnych zawod\u00f3w, czyni\u0105c je uniwersalnym wyborem w wielu sektorach przemys\u0142u.<\/p>\n\n\n\n<h2 class=\"wp-block-heading\">Materia\u0142y i technologie stosowane w produkcji<\/h2>\n\n\n\n<p>Spodnie do pasa robocze s\u0105 produkowane z nowoczesnych materia\u0142\u00f3w, kt\u00f3re zapewniaj\u0105 trwa\u0142o\u015b\u0107 i komfort u\u017cytkowania. Mieszanki poliestru i bawe\u0142ny \u0142\u0105cz\u0105 wytrzyma\u0142o\u015b\u0107 z oddychalno\u015bci\u0105, co jest istotne w wymagaj\u0105cych warunkach pracy. Co wi\u0119cej, zastosowanie tkanin typu ripstop zwi\u0119ksza odporno\u015b\u0107 na rozdarcia, co przed\u0142u\u017ca \u017cywotno\u015b\u0107 odzie\u017cy.<\/p>\n\n\n\n<p>W procesie produkcji spodni do pasa roboczych stosuje si\u0119 r\u00f3wnie\u017c zaawansowane technologie. Wzmocnienia z materia\u0142\u00f3w takich jak Cordura na kolanach i w innych miejscach nara\u017conych na intensywne zu\u017cycie zwi\u0119kszaj\u0105 odporno\u015b\u0107 na przetarcia. Elastyczne wstawki z tkanin stretch w strategicznych miejscach, takich jak krok czy okolice kolan, zapewniaj\u0105 swobod\u0119 ruch\u00f3w, co jest bardzo wa\u017cne dla komfortu podczas pracy.<\/p>\n\n\n\n<h2 class=\"wp-block-heading\">Jak dobiera\u0107 spodnie do pasa do specyfiki swojej pracy?<\/h2>\n\n\n\n<p>Dob\u00f3r odpowiednich spodni do pasa roboczych powinien uwzgl\u0119dnia\u0107 specyfik\u0119 pracy oraz indywidualne potrzeby u\u017cytkownika. Kluczowe aspekty, na kt\u00f3re warto zwr\u00f3ci\u0107 uwag\u0119, to:<\/p>\n\n\n\n<ul class=\"wp-block-list\">\n<li>Rodzaj materia\u0142u: Wyb\u00f3r tkaniny powinien odpowiada\u0107 warunkom pracy. W \u015brodowiskach nara\u017conych na wysokie temperatury lub substancje chemiczne zaleca si\u0119 materia\u0142y odporne na te czynniki.<\/li>\n\n\n\n<li>Funkcjonalno\u015b\u0107: Liczba i rozmieszczenie kieszeni powinny umo\u017cliwia\u0107 wygodne przechowywanie narz\u0119dzi i akcesori\u00f3w niezb\u0119dnych podczas pracy.<\/li>\n\n\n\n<li>Ochrona: W zale\u017cno\u015bci od zagro\u017ce\u0144 wyst\u0119puj\u0105cych na stanowisku pracy, warto rozwa\u017cy\u0107 spodnie z dodatkowymi wzmocnieniami, takimi jak ochraniacze kolan czy elementy odblaskowe.<\/li>\n\n\n\n<li>Komfort noszenia: Ergonomiczny kr\u00f3j oraz mo\u017cliwo\u015b\u0107 regulacji w pasie zapewniaj\u0105 swobod\u0119 ruch\u00f3w i wygod\u0119 podczas d\u0142ugotrwa\u0142ego u\u017cytkowania.<\/li>\n<\/ul>\n\n\n\n<p>Uwzgl\u0119dnienie powy\u017cszych czynnik\u00f3w pozwala na wyb\u00f3r spodni do pasa roboczych, kt\u00f3re b\u0119d\u0105 nie tylko trwa\u0142e, ale tak\u017ce dostosowane do specyfiki pracy, zwi\u0119kszaj\u0105c tym samym efektywno\u015b\u0107 i bezpiecze\u0144stwo u\u017cytkownika.<\/p>\n\n\n\n<h2 class=\"wp-block-heading\">Spodnie do pasa jako element bezpiecze\u0144stwa w pracy<\/h2>\n\n\n\n<p>Spodnie do pasa robocze pe\u0142ni\u0105 istotn\u0105 funkcj\u0119 jako element bezpiecze\u0144stwa w miejscu pracy. Ich konstrukcja i zastosowane materia\u0142y zapewniaj\u0105 ochron\u0119 przed r\u00f3\u017cnymi zagro\u017ceniami, takimi jak urazy mechaniczne czy kontakt z substancjami chemicznymi.<\/p>\n\n\n\n<p>Wzmocnienia na kolanach oraz elementy odblaskowe zwi\u0119kszaj\u0105 widoczno\u015b\u0107 pracownika, co jest kluczowe w warunkach ograniczonej widoczno\u015bci. Dodatkowo odpowiedni dob\u00f3r spodni do pasa roboczych, uwzgl\u0119dniaj\u0105cy specyfik\u0119 pracy, przyczynia si\u0119 do zwi\u0119kszenia bezpiecze\u0144stwa i komfortu u\u017cytkownika.<\/p>\n\n\n\n<h2 class=\"wp-block-heading\">FAQ<\/h2>\n\n\n\n<div id=\"schemafaq\">\n\t<div class=\"tabs\" itemscope itemtype=\"https:\/\/schema.org\/FAQPage\">\n\t\t<div class=\"tab\" itemscope=\"\" itemprop=\"mainEntity\" itemtype=\"https:\/\/schema.org\/Question\">\n\t\t\t<input type=\"checkbox\" id=\"chck1\">\n\t\t\t<h3><label class=\"tab-label\" for=\"chck1\" itemprop=\"name\">Jakie materia\u0142y s\u0105 najcz\u0119\u015bciej stosowane w produkcji spodni do pasa roboczych?<\/label><\/h3>\n\t\t\t<div class=\"tab-content\" itemscope=\"\" itemprop=\"acceptedAnswer\" itemtype=\"https:\/\/schema.org\/Answer\">\n\t\t\t\t<div itemprop=\"text\">\n<p>Spodnie do pasa robocze s\u0105 zazwyczaj wykonane z mieszanki poliestru i bawe\u0142ny, co zapewnia trwa\u0142o\u015b\u0107 oraz komfort noszenia. Cz\u0119sto stosuje si\u0119 r\u00f3wnie\u017c tkaniny typu ripstop, kt\u00f3re zwi\u0119kszaj\u0105 odporno\u015b\u0107 na rozdarcia.<\/p>\n\t\t\t\t<\/div>\n\t\t\t<\/div>\n\t\t<\/div>\n\t\t<div class=\"tab\" itemscope=\"\" itemprop=\"mainEntity\" itemtype=\"https:\/\/schema.org\/Question\">\n\t\t\t<input type=\"checkbox\" id=\"chck2\">\n\t\t\t<h3><label class=\"tab-label\" for=\"chck2\" itemprop=\"name\">Jakie cechy powinny posiada\u0107 spodnie do pasa robocze, aby by\u0142y funkcjonalne?<\/label><\/h3>\n\t\t\t<div class=\"tab-content\" itemscope=\"\" itemprop=\"acceptedAnswer\" itemtype=\"https:\/\/schema.org\/Answer\">\n\t\t\t\t<div itemprop=\"text\">\n<p>Funkcjonalne spodnie do pasa robocze powinny mie\u0107 liczne kieszenie na narz\u0119dzia, wzmocnienia w miejscach nara\u017conych na przetarcia oraz ergonomiczny kr\u00f3j zapewniaj\u0105cy swobod\u0119 ruch\u00f3w.<\/p>\n\t\t\t\t<\/div>\n\t\t\t<\/div>\n\t\t<\/div>\n\t\t<div class=\"tab\" itemscope=\"\" itemprop=\"mainEntity\" itemtype=\"https:\/\/schema.org\/Question\">\n\t\t\t<input type=\"checkbox\" id=\"chck3\">\n\t\t\t<h3><label class=\"tab-label\" for=\"chck3\" itemprop=\"name\">W jaki spos\u00f3b spodnie do pasa robocze przyczyniaj\u0105 si\u0119 do bezpiecze\u0144stwa w pracy?<\/label><\/h3>\n\t\t\t<div class=\"tab-content\" itemscope=\"\" itemprop=\"acceptedAnswer\" itemtype=\"https:\/\/schema.org\/Answer\">\n\t\t\t\t<div itemprop=\"text\">\n<p>Spodnie do pasa robocze zwi\u0119kszaj\u0105 bezpiecze\u0144stwo poprzez zastosowanie wzmocnie\u0144 na kolanach, element\u00f3w odblaskowych poprawiaj\u0105cych widoczno\u015b\u0107 oraz materia\u0142\u00f3w odpornych na uszkodzenia mechaniczne.<\/p>\n\t\t\t\t<\/div>\n\t\t\t<\/div>\n\t\t<\/div>\n\t\t<div class=\"tab\" itemscope=\"\" itemprop=\"mainEntity\" itemtype=\"https:\/\/schema.org\/Question\">\n\t\t\t<input type=\"checkbox\" id=\"chck4\">\n\t\t\t<h3><label class=\"tab-label\" for=\"chck4\" itemprop=\"name\">Jak dobra\u0107 odpowiedni rozmiar spodni do pasa roboczych?<\/label><\/h3>\n\t\t\t<div class=\"tab-content\" itemscope=\"\" itemprop=\"acceptedAnswer\" itemtype=\"https:\/\/schema.org\/Answer\">\n\t\t\t\t<div itemprop=\"text\">\n<p>Aby dobra\u0107 odpowiedni rozmiar, nale\u017cy zmierzy\u0107 obw\u00f3d pasa oraz d\u0142ugo\u015b\u0107 nogawki, a nast\u0119pnie por\u00f3wna\u0107 wymiary z tabel\u0105 rozmiar\u00f3w producenta. Wa\u017cne jest, aby spodnie nie kr\u0119powa\u0142y ruch\u00f3w i by\u0142y komfortowe podczas pracy.<\/p>\n\t\t\t\t<\/div>\n\t\t\t<\/div>\n\t\t<\/div>\n\t\t<div class=\"tab\" itemscope=\"\" itemprop=\"mainEntity\" itemtype=\"https:\/\/schema.org\/Question\">\n\t\t\t<input type=\"checkbox\" id=\"chck5\">\n\t\t\t<h3><label class=\"tab-label\" for=\"chck5\" itemprop=\"name\">Czy spodnie do pasa robocze s\u0105 dost\u0119pne w r\u00f3\u017cnych wariantach kolorystycznych?<\/label><\/h3>\n\t\t\t<div class=\"tab-content\" itemscope=\"\" itemprop=\"acceptedAnswer\" itemtype=\"https:\/\/schema.org\/Answer\">\n\t\t\t\t<div itemprop=\"text\">\n<p>Tak, spodnie do pasa robocze s\u0105 dost\u0119pne w r\u00f3\u017cnych kolorach, co pozwala na dopasowanie ich do preferencji u\u017cytkownika lub wymaga\u0144 firmowych dotycz\u0105cych ubioru.<\/p>\n\t\t\t\t<\/div>\n\t\t\t<\/div>\n\t\t<\/div>\n\t\t<div class=\"tab\" itemscope=\"\" itemprop=\"mainEntity\" itemtype=\"https:\/\/schema.org\/Question\">\n\t\t\t<input type=\"checkbox\" id=\"chck6\">\n\t\t\t<h3><label class=\"tab-label\" for=\"chck6\" itemprop=\"name\">Jakie dodatkowe funkcje mog\u0105 posiada\u0107 spodnie do pasa robocze?<\/label><\/h3>\n\t\t\t<div class=\"tab-content\" itemscope=\"\" itemprop=\"acceptedAnswer\" itemtype=\"https:\/\/schema.org\/Answer\">\n\t\t\t\t<div itemprop=\"text\">\n<p>Niekt\u00f3re modele naszych spodni do pasa roboczych wyposa\u017cone s\u0105 w kieszenie na nakolanniki, uchwyty na narz\u0119dzia, a tak\u017ce wstawki z materia\u0142\u00f3w elastycznych zwi\u0119kszaj\u0105ce komfort noszenia.<\/p>\n\t\t\t\t<\/div>\n\t\t\t<\/div>\n\t\t<\/div>\n\t\t<div class=\"tab\" itemscope=\"\" itemprop=\"mainEntity\" itemtype=\"https:\/\/schema.org\/Question\">\n\t\t\t<input type=\"checkbox\" id=\"chck7\">\n\t\t\t<h3><label class=\"tab-label\" for=\"chck7\" itemprop=\"name\">Jak dba\u0107 o spodnie do pasa robocze, aby przed\u0142u\u017cy\u0107 ich trwa\u0142o\u015b\u0107?<\/label><\/h3>\n\t\t\t<div class=\"tab-content\" itemscope=\"\" itemprop=\"acceptedAnswer\" itemtype=\"https:\/\/schema.org\/Answer\">\n\t\t\t\t<div itemprop=\"text\">\n<p>Aby przed\u0142u\u017cy\u0107 trwa\u0142o\u015b\u0107 spodni, nale\u017cy pra\u0107 je zgodnie z zaleceniami producenta, unika\u0107 stosowania wybielaczy oraz suszy\u0107 w odpowiednich warunkach, najlepiej na \u015bwie\u017cym powietrzu.<\/p>\n\t\t\t\t<\/div>\n\t\t\t<\/div>\n\t\t<\/div>\n\t<\/div>\n<\/div>\n","protected":false},"excerpt":{"rendered":"<p>Spodnie do pasa robocze stanowi\u0105 nieod\u0142\u0105czn\u0105 cz\u0119\u015b\u0107 wyposa\u017cenia wielu pracownik\u00f3w, \u0142\u0105cz\u0105c wygod\u0119, funkcjonalno\u015b\u0107 i styl. Bez wzgl\u0119du na to, czy pracujesz w budownictwie, warsztacie samochodowym, czy na farmie, odpowiednio dobrane spodnie robocze mog\u0105 znacz\u0105co wp\u0142yn\u0105\u0107 na komfort i efektywno\u015b\u0107 pracy. W tym artykule om\u00f3wimy, jakie cechy powinny posiada\u0107 idealne egzemplarze oraz jak dostosowa\u0107 ich wyb\u00f3r [&hellip;]<\/p>\n","protected":false},"author":3,"featured_media":551,"comment_status":"open","ping_status":"open","sticky":false,"template":"","format":"standard","meta":{"_glsr_average":0,"_glsr_ranking":0,"_glsr_reviews":0,"footnotes":""},"categories":[1],"tags":[],"class_list":["post-550","post","type-post","status-publish","format-standard","has-post-thumbnail","hentry","category-bez-kategorii"],"yoast_head":"<!-- This site is optimized with the Yoast SEO plugin v27.4 - https:\/\/yoast.com\/product\/yoast-seo-wordpress\/ -->\n<title>Spodnie do pasa robocze uniwersalny wyb\u00f3r do r\u00f3\u017cnych bran\u017c Sara Workwear<\/title>\n<meta name=\"description\" content=\"Spodnie do pasa robocze to wszechstronny wyb\u00f3r, kt\u00f3ry doskonale sprawdzi si\u0119 w r\u00f3\u017cnych bran\u017cach. Dowiedz si\u0119, jakie korzy\u015bci mog\u0105 przynie\u015b\u0107 w pracy.\" \/>\n<meta name=\"robots\" content=\"index, follow, max-snippet:-1, max-image-preview:large, max-video-preview:-1\" \/>\n<link rel=\"canonical\" href=\"https:\/\/saraworkwear.com\/blog\/spodnie-do-pasa-robocze-uniwersalny-wybor-do-roznych-branz\/\" \/>\n<meta property=\"og:locale\" content=\"pl_PL\" \/>\n<meta property=\"og:type\" content=\"article\" \/>\n<meta property=\"og:title\" content=\"Spodnie do pasa robocze uniwersalny wyb\u00f3r do r\u00f3\u017cnych bran\u017c Sara Workwear\" \/>\n<meta property=\"og:description\" content=\"Spodnie do pasa robocze to wszechstronny wyb\u00f3r, kt\u00f3ry doskonale sprawdzi si\u0119 w r\u00f3\u017cnych bran\u017cach. Dowiedz si\u0119, jakie korzy\u015bci mog\u0105 przynie\u015b\u0107 w pracy.\" \/>\n<meta property=\"og:url\" content=\"https:\/\/saraworkwear.com\/blog\/spodnie-do-pasa-robocze-uniwersalny-wybor-do-roznych-branz\/\" \/>\n<meta property=\"og:site_name\" content=\"Sara Workwear Blog\" \/>\n<meta property=\"article:publisher\" content=\"https:\/\/www.facebook.com\/saraworkwear\" \/>\n<meta property=\"article:author\" content=\"https:\/\/www.facebook.com\/saraworkwear\" \/>\n<meta property=\"article:published_time\" content=\"2026-03-02T08:00:00+00:00\" \/>\n<meta property=\"article:modified_time\" content=\"2026-04-20T07:48:40+00:00\" \/>\n<meta property=\"og:image\" content=\"https:\/\/saraworkwear.com\/blog\/wp-content\/uploads\/2026\/04\/blog-13.jpeg\" \/>\n\t<meta property=\"og:image:width\" content=\"1150\" \/>\n\t<meta property=\"og:image:height\" content=\"768\" \/>\n\t<meta property=\"og:image:type\" content=\"image\/jpeg\" \/>\n<meta name=\"author\" content=\"Sara Workwear\" \/>\n<meta name=\"twitter:card\" content=\"summary_large_image\" \/>\n<meta name=\"twitter:label1\" content=\"Napisane przez\" \/>\n\t<meta name=\"twitter:data1\" content=\"Sara Workwear\" \/>\n\t<meta name=\"twitter:label2\" content=\"Szacowany czas czytania\" \/>\n\t<meta name=\"twitter:data2\" content=\"6 minut\" \/>\n<script type=\"application\/ld+json\" class=\"yoast-schema-graph\">{\"@context\":\"https:\\\/\\\/schema.org\",\"@graph\":[{\"@type\":[\"Article\",\"BlogPosting\"],\"@id\":\"https:\\\/\\\/saraworkwear.com\\\/blog\\\/spodnie-do-pasa-robocze-uniwersalny-wybor-do-roznych-branz\\\/#article\",\"isPartOf\":{\"@id\":\"https:\\\/\\\/saraworkwear.com\\\/blog\\\/spodnie-do-pasa-robocze-uniwersalny-wybor-do-roznych-branz\\\/\"},\"author\":{\"name\":\"Sara Workwear\",\"@id\":\"https:\\\/\\\/saraworkwear.com\\\/blog\\\/#\\\/schema\\\/person\\\/b62199d8e34c40396ab036b81145f069\"},\"headline\":\"Spodnie do pasa robocze uniwersalny wyb\u00f3r do r\u00f3\u017cnych bran\u017c\",\"datePublished\":\"2026-03-02T08:00:00+00:00\",\"dateModified\":\"2026-04-20T07:48:40+00:00\",\"mainEntityOfPage\":{\"@id\":\"https:\\\/\\\/saraworkwear.com\\\/blog\\\/spodnie-do-pasa-robocze-uniwersalny-wybor-do-roznych-branz\\\/\"},\"wordCount\":1028,\"commentCount\":0,\"publisher\":{\"@id\":\"https:\\\/\\\/saraworkwear.com\\\/blog\\\/#organization\"},\"image\":{\"@id\":\"https:\\\/\\\/saraworkwear.com\\\/blog\\\/spodnie-do-pasa-robocze-uniwersalny-wybor-do-roznych-branz\\\/#primaryimage\"},\"thumbnailUrl\":\"https:\\\/\\\/saraworkwear.com\\\/blog\\\/wp-content\\\/uploads\\\/2026\\\/04\\\/blog-13.jpeg\",\"inLanguage\":\"pl-PL\",\"potentialAction\":[{\"@type\":\"CommentAction\",\"name\":\"Comment\",\"target\":[\"https:\\\/\\\/saraworkwear.com\\\/blog\\\/spodnie-do-pasa-robocze-uniwersalny-wybor-do-roznych-branz\\\/#respond\"]}]},{\"@type\":\"WebPage\",\"@id\":\"https:\\\/\\\/saraworkwear.com\\\/blog\\\/spodnie-do-pasa-robocze-uniwersalny-wybor-do-roznych-branz\\\/\",\"url\":\"https:\\\/\\\/saraworkwear.com\\\/blog\\\/spodnie-do-pasa-robocze-uniwersalny-wybor-do-roznych-branz\\\/\",\"name\":\"Spodnie do pasa robocze uniwersalny wyb\u00f3r do r\u00f3\u017cnych bran\u017c Sara Workwear\",\"isPartOf\":{\"@id\":\"https:\\\/\\\/saraworkwear.com\\\/blog\\\/#website\"},\"primaryImageOfPage\":{\"@id\":\"https:\\\/\\\/saraworkwear.com\\\/blog\\\/spodnie-do-pasa-robocze-uniwersalny-wybor-do-roznych-branz\\\/#primaryimage\"},\"image\":{\"@id\":\"https:\\\/\\\/saraworkwear.com\\\/blog\\\/spodnie-do-pasa-robocze-uniwersalny-wybor-do-roznych-branz\\\/#primaryimage\"},\"thumbnailUrl\":\"https:\\\/\\\/saraworkwear.com\\\/blog\\\/wp-content\\\/uploads\\\/2026\\\/04\\\/blog-13.jpeg\",\"datePublished\":\"2026-03-02T08:00:00+00:00\",\"dateModified\":\"2026-04-20T07:48:40+00:00\",\"description\":\"Spodnie do pasa robocze to wszechstronny wyb\u00f3r, kt\u00f3ry doskonale sprawdzi si\u0119 w r\u00f3\u017cnych bran\u017cach. Dowiedz si\u0119, jakie korzy\u015bci mog\u0105 przynie\u015b\u0107 w pracy.\",\"breadcrumb\":{\"@id\":\"https:\\\/\\\/saraworkwear.com\\\/blog\\\/spodnie-do-pasa-robocze-uniwersalny-wybor-do-roznych-branz\\\/#breadcrumb\"},\"inLanguage\":\"pl-PL\",\"potentialAction\":[{\"@type\":\"ReadAction\",\"target\":[\"https:\\\/\\\/saraworkwear.com\\\/blog\\\/spodnie-do-pasa-robocze-uniwersalny-wybor-do-roznych-branz\\\/\"]}]},{\"@type\":\"ImageObject\",\"inLanguage\":\"pl-PL\",\"@id\":\"https:\\\/\\\/saraworkwear.com\\\/blog\\\/spodnie-do-pasa-robocze-uniwersalny-wybor-do-roznych-branz\\\/#primaryimage\",\"url\":\"https:\\\/\\\/saraworkwear.com\\\/blog\\\/wp-content\\\/uploads\\\/2026\\\/04\\\/blog-13.jpeg\",\"contentUrl\":\"https:\\\/\\\/saraworkwear.com\\\/blog\\\/wp-content\\\/uploads\\\/2026\\\/04\\\/blog-13.jpeg\",\"width\":1150,\"height\":768,\"caption\":\"Spodnie do pasa robocze uniwersalny wyb\u00f3r do r\u00f3\u017cnych bran\u017c\"},{\"@type\":\"BreadcrumbList\",\"@id\":\"https:\\\/\\\/saraworkwear.com\\\/blog\\\/spodnie-do-pasa-robocze-uniwersalny-wybor-do-roznych-branz\\\/#breadcrumb\",\"itemListElement\":[{\"@type\":\"ListItem\",\"position\":1,\"name\":\"Blog\",\"item\":\"https:\\\/\\\/saraworkwear.com\\\/blog\\\/\"},{\"@type\":\"ListItem\",\"position\":2,\"name\":\"Spodnie do pasa robocze uniwersalny wyb\u00f3r do r\u00f3\u017cnych bran\u017c\"}]},{\"@type\":\"WebSite\",\"@id\":\"https:\\\/\\\/saraworkwear.com\\\/blog\\\/#website\",\"url\":\"https:\\\/\\\/saraworkwear.com\\\/blog\\\/\",\"name\":\"Sara Workwear\",\"description\":\"Sara Workwear\",\"publisher\":{\"@id\":\"https:\\\/\\\/saraworkwear.com\\\/blog\\\/#organization\"},\"potentialAction\":[{\"@type\":\"SearchAction\",\"target\":{\"@type\":\"EntryPoint\",\"urlTemplate\":\"https:\\\/\\\/saraworkwear.com\\\/blog\\\/?s={search_term_string}\"},\"query-input\":{\"@type\":\"PropertyValueSpecification\",\"valueRequired\":true,\"valueName\":\"search_term_string\"}}],\"inLanguage\":\"pl-PL\"},{\"@type\":\"Organization\",\"@id\":\"https:\\\/\\\/saraworkwear.com\\\/blog\\\/#organization\",\"name\":\"Sara Workwear\",\"url\":\"https:\\\/\\\/saraworkwear.com\\\/blog\\\/\",\"logo\":{\"@type\":\"ImageObject\",\"inLanguage\":\"pl-PL\",\"@id\":\"https:\\\/\\\/saraworkwear.com\\\/blog\\\/#\\\/schema\\\/logo\\\/image\\\/\",\"url\":\"https:\\\/\\\/saraworkwear.com\\\/blog\\\/wp-content\\\/uploads\\\/2025\\\/12\\\/sara-workwear-logo.svg\",\"contentUrl\":\"https:\\\/\\\/saraworkwear.com\\\/blog\\\/wp-content\\\/uploads\\\/2025\\\/12\\\/sara-workwear-logo.svg\",\"width\":223,\"height\":63,\"caption\":\"Sara Workwear\"},\"image\":{\"@id\":\"https:\\\/\\\/saraworkwear.com\\\/blog\\\/#\\\/schema\\\/logo\\\/image\\\/\"},\"sameAs\":[\"https:\\\/\\\/www.facebook.com\\\/saraworkwear\",\"https:\\\/\\\/www.instagram.com\\\/saraworkwear\\\/\",\"https:\\\/\\\/www.youtube.com\\\/@saraworkwear5101\",\"https:\\\/\\\/www.linkedin.com\\\/company\\\/sara-workwear\"]},{\"@type\":\"Person\",\"@id\":\"https:\\\/\\\/saraworkwear.com\\\/blog\\\/#\\\/schema\\\/person\\\/b62199d8e34c40396ab036b81145f069\",\"name\":\"Sara Workwear\",\"image\":{\"@type\":\"ImageObject\",\"inLanguage\":\"pl-PL\",\"@id\":\"https:\\\/\\\/saraworkwear.com\\\/blog\\\/wp-content\\\/uploads\\\/2026\\\/01\\\/cropped-cropped-sara-workwear-logo-kwadrat-2-96x96.jpg\",\"url\":\"https:\\\/\\\/saraworkwear.com\\\/blog\\\/wp-content\\\/uploads\\\/2026\\\/01\\\/cropped-cropped-sara-workwear-logo-kwadrat-2-96x96.jpg\",\"contentUrl\":\"https:\\\/\\\/saraworkwear.com\\\/blog\\\/wp-content\\\/uploads\\\/2026\\\/01\\\/cropped-cropped-sara-workwear-logo-kwadrat-2-96x96.jpg\",\"caption\":\"Sara Workwear\"},\"description\":\"Sara Workwear \u2013 jeden z lider\u00f3w rynku odzie\u017cy roboczej i ochronnej w Polsce. Od ponad 30 lat projektujemy i produkujemy nowoczesn\u0105, funkcjonaln\u0105 odzie\u017c dla r\u00f3\u017cnych bran\u017c, zapewniaj\u0105c kompleksow\u0105 obs\u0142ug\u0119 oraz najwy\u017csz\u0105 jako\u015b\u0107 wykonania.\",\"sameAs\":[\"https:\\\/\\\/www.facebook.com\\\/saraworkwear\",\"https:\\\/\\\/www.instagram.com\\\/saraworkwear\\\/\",\"https:\\\/\\\/www.linkedin.com\\\/company\\\/sara-workwear\\\/posts\\\/\",\"https:\\\/\\\/www.youtube.com\\\/@saraworkwear5101\"],\"url\":\"https:\\\/\\\/saraworkwear.com\\\/blog\\\/author\\\/sara-workwear\\\/\"}]}<\/script>\n<!-- \/ Yoast SEO plugin. -->","yoast_head_json":{"title":"Spodnie do pasa robocze uniwersalny wyb\u00f3r do r\u00f3\u017cnych bran\u017c Sara Workwear","description":"Spodnie do pasa robocze to wszechstronny wyb\u00f3r, kt\u00f3ry doskonale sprawdzi si\u0119 w r\u00f3\u017cnych bran\u017cach. Dowiedz si\u0119, jakie korzy\u015bci mog\u0105 przynie\u015b\u0107 w pracy.","robots":{"index":"index","follow":"follow","max-snippet":"max-snippet:-1","max-image-preview":"max-image-preview:large","max-video-preview":"max-video-preview:-1"},"canonical":"https:\/\/saraworkwear.com\/blog\/spodnie-do-pasa-robocze-uniwersalny-wybor-do-roznych-branz\/","og_locale":"pl_PL","og_type":"article","og_title":"Spodnie do pasa robocze uniwersalny wyb\u00f3r do r\u00f3\u017cnych bran\u017c Sara Workwear","og_description":"Spodnie do pasa robocze to wszechstronny wyb\u00f3r, kt\u00f3ry doskonale sprawdzi si\u0119 w r\u00f3\u017cnych bran\u017cach. Dowiedz si\u0119, jakie korzy\u015bci mog\u0105 przynie\u015b\u0107 w pracy.","og_url":"https:\/\/saraworkwear.com\/blog\/spodnie-do-pasa-robocze-uniwersalny-wybor-do-roznych-branz\/","og_site_name":"Sara Workwear Blog","article_publisher":"https:\/\/www.facebook.com\/saraworkwear","article_author":"https:\/\/www.facebook.com\/saraworkwear","article_published_time":"2026-03-02T08:00:00+00:00","article_modified_time":"2026-04-20T07:48:40+00:00","og_image":[{"width":1150,"height":768,"url":"https:\/\/saraworkwear.com\/blog\/wp-content\/uploads\/2026\/04\/blog-13.jpeg","type":"image\/jpeg"}],"author":"Sara Workwear","twitter_card":"summary_large_image","twitter_misc":{"Napisane przez":"Sara Workwear","Szacowany czas czytania":"6 minut"},"schema":{"@context":"https:\/\/schema.org","@graph":[{"@type":["Article","BlogPosting"],"@id":"https:\/\/saraworkwear.com\/blog\/spodnie-do-pasa-robocze-uniwersalny-wybor-do-roznych-branz\/#article","isPartOf":{"@id":"https:\/\/saraworkwear.com\/blog\/spodnie-do-pasa-robocze-uniwersalny-wybor-do-roznych-branz\/"},"author":{"name":"Sara Workwear","@id":"https:\/\/saraworkwear.com\/blog\/#\/schema\/person\/b62199d8e34c40396ab036b81145f069"},"headline":"Spodnie do pasa robocze uniwersalny wyb\u00f3r do r\u00f3\u017cnych bran\u017c","datePublished":"2026-03-02T08:00:00+00:00","dateModified":"2026-04-20T07:48:40+00:00","mainEntityOfPage":{"@id":"https:\/\/saraworkwear.com\/blog\/spodnie-do-pasa-robocze-uniwersalny-wybor-do-roznych-branz\/"},"wordCount":1028,"commentCount":0,"publisher":{"@id":"https:\/\/saraworkwear.com\/blog\/#organization"},"image":{"@id":"https:\/\/saraworkwear.com\/blog\/spodnie-do-pasa-robocze-uniwersalny-wybor-do-roznych-branz\/#primaryimage"},"thumbnailUrl":"https:\/\/saraworkwear.com\/blog\/wp-content\/uploads\/2026\/04\/blog-13.jpeg","inLanguage":"pl-PL","potentialAction":[{"@type":"CommentAction","name":"Comment","target":["https:\/\/saraworkwear.com\/blog\/spodnie-do-pasa-robocze-uniwersalny-wybor-do-roznych-branz\/#respond"]}]},{"@type":"WebPage","@id":"https:\/\/saraworkwear.com\/blog\/spodnie-do-pasa-robocze-uniwersalny-wybor-do-roznych-branz\/","url":"https:\/\/saraworkwear.com\/blog\/spodnie-do-pasa-robocze-uniwersalny-wybor-do-roznych-branz\/","name":"Spodnie do pasa robocze uniwersalny wyb\u00f3r do r\u00f3\u017cnych bran\u017c Sara Workwear","isPartOf":{"@id":"https:\/\/saraworkwear.com\/blog\/#website"},"primaryImageOfPage":{"@id":"https:\/\/saraworkwear.com\/blog\/spodnie-do-pasa-robocze-uniwersalny-wybor-do-roznych-branz\/#primaryimage"},"image":{"@id":"https:\/\/saraworkwear.com\/blog\/spodnie-do-pasa-robocze-uniwersalny-wybor-do-roznych-branz\/#primaryimage"},"thumbnailUrl":"https:\/\/saraworkwear.com\/blog\/wp-content\/uploads\/2026\/04\/blog-13.jpeg","datePublished":"2026-03-02T08:00:00+00:00","dateModified":"2026-04-20T07:48:40+00:00","description":"Spodnie do pasa robocze to wszechstronny wyb\u00f3r, kt\u00f3ry doskonale sprawdzi si\u0119 w r\u00f3\u017cnych bran\u017cach. Dowiedz si\u0119, jakie korzy\u015bci mog\u0105 przynie\u015b\u0107 w pracy.","breadcrumb":{"@id":"https:\/\/saraworkwear.com\/blog\/spodnie-do-pasa-robocze-uniwersalny-wybor-do-roznych-branz\/#breadcrumb"},"inLanguage":"pl-PL","potentialAction":[{"@type":"ReadAction","target":["https:\/\/saraworkwear.com\/blog\/spodnie-do-pasa-robocze-uniwersalny-wybor-do-roznych-branz\/"]}]},{"@type":"ImageObject","inLanguage":"pl-PL","@id":"https:\/\/saraworkwear.com\/blog\/spodnie-do-pasa-robocze-uniwersalny-wybor-do-roznych-branz\/#primaryimage","url":"https:\/\/saraworkwear.com\/blog\/wp-content\/uploads\/2026\/04\/blog-13.jpeg","contentUrl":"https:\/\/saraworkwear.com\/blog\/wp-content\/uploads\/2026\/04\/blog-13.jpeg","width":1150,"height":768,"caption":"Spodnie do pasa robocze uniwersalny wyb\u00f3r do r\u00f3\u017cnych bran\u017c"},{"@type":"BreadcrumbList","@id":"https:\/\/saraworkwear.com\/blog\/spodnie-do-pasa-robocze-uniwersalny-wybor-do-roznych-branz\/#breadcrumb","itemListElement":[{"@type":"ListItem","position":1,"name":"Blog","item":"https:\/\/saraworkwear.com\/blog\/"},{"@type":"ListItem","position":2,"name":"Spodnie do pasa robocze uniwersalny wyb\u00f3r do r\u00f3\u017cnych bran\u017c"}]},{"@type":"WebSite","@id":"https:\/\/saraworkwear.com\/blog\/#website","url":"https:\/\/saraworkwear.com\/blog\/","name":"Sara Workwear","description":"Sara Workwear","publisher":{"@id":"https:\/\/saraworkwear.com\/blog\/#organization"},"potentialAction":[{"@type":"SearchAction","target":{"@type":"EntryPoint","urlTemplate":"https:\/\/saraworkwear.com\/blog\/?s={search_term_string}"},"query-input":{"@type":"PropertyValueSpecification","valueRequired":true,"valueName":"search_term_string"}}],"inLanguage":"pl-PL"},{"@type":"Organization","@id":"https:\/\/saraworkwear.com\/blog\/#organization","name":"Sara Workwear","url":"https:\/\/saraworkwear.com\/blog\/","logo":{"@type":"ImageObject","inLanguage":"pl-PL","@id":"https:\/\/saraworkwear.com\/blog\/#\/schema\/logo\/image\/","url":"https:\/\/saraworkwear.com\/blog\/wp-content\/uploads\/2025\/12\/sara-workwear-logo.svg","contentUrl":"https:\/\/saraworkwear.com\/blog\/wp-content\/uploads\/2025\/12\/sara-workwear-logo.svg","width":223,"height":63,"caption":"Sara Workwear"},"image":{"@id":"https:\/\/saraworkwear.com\/blog\/#\/schema\/logo\/image\/"},"sameAs":["https:\/\/www.facebook.com\/saraworkwear","https:\/\/www.instagram.com\/saraworkwear\/","https:\/\/www.youtube.com\/@saraworkwear5101","https:\/\/www.linkedin.com\/company\/sara-workwear"]},{"@type":"Person","@id":"https:\/\/saraworkwear.com\/blog\/#\/schema\/person\/b62199d8e34c40396ab036b81145f069","name":"Sara Workwear","image":{"@type":"ImageObject","inLanguage":"pl-PL","@id":"https:\/\/saraworkwear.com\/blog\/wp-content\/uploads\/2026\/01\/cropped-cropped-sara-workwear-logo-kwadrat-2-96x96.jpg","url":"https:\/\/saraworkwear.com\/blog\/wp-content\/uploads\/2026\/01\/cropped-cropped-sara-workwear-logo-kwadrat-2-96x96.jpg","contentUrl":"https:\/\/saraworkwear.com\/blog\/wp-content\/uploads\/2026\/01\/cropped-cropped-sara-workwear-logo-kwadrat-2-96x96.jpg","caption":"Sara Workwear"},"description":"Sara Workwear \u2013 jeden z lider\u00f3w rynku odzie\u017cy roboczej i ochronnej w Polsce. Od ponad 30 lat projektujemy i produkujemy nowoczesn\u0105, funkcjonaln\u0105 odzie\u017c dla r\u00f3\u017cnych bran\u017c, zapewniaj\u0105c kompleksow\u0105 obs\u0142ug\u0119 oraz najwy\u017csz\u0105 jako\u015b\u0107 wykonania.","sameAs":["https:\/\/www.facebook.com\/saraworkwear","https:\/\/www.instagram.com\/saraworkwear\/","https:\/\/www.linkedin.com\/company\/sara-workwear\/posts\/","https:\/\/www.youtube.com\/@saraworkwear5101"],"url":"https:\/\/saraworkwear.com\/blog\/author\/sara-workwear\/"}]}},"_links":{"self":[{"href":"https:\/\/saraworkwear.com\/blog\/wp-json\/wp\/v2\/posts\/550","targetHints":{"allow":["GET"]}}],"collection":[{"href":"https:\/\/saraworkwear.com\/blog\/wp-json\/wp\/v2\/posts"}],"about":[{"href":"https:\/\/saraworkwear.com\/blog\/wp-json\/wp\/v2\/types\/post"}],"author":[{"embeddable":true,"href":"https:\/\/saraworkwear.com\/blog\/wp-json\/wp\/v2\/users\/3"}],"replies":[{"embeddable":true,"href":"https:\/\/saraworkwear.com\/blog\/wp-json\/wp\/v2\/comments?post=550"}],"version-history":[{"count":1,"href":"https:\/\/saraworkwear.com\/blog\/wp-json\/wp\/v2\/posts\/550\/revisions"}],"predecessor-version":[{"id":552,"href":"https:\/\/saraworkwear.com\/blog\/wp-json\/wp\/v2\/posts\/550\/revisions\/552"}],"wp:featuredmedia":[{"embeddable":true,"href":"https:\/\/saraworkwear.com\/blog\/wp-json\/wp\/v2\/media\/551"}],"wp:attachment":[{"href":"https:\/\/saraworkwear.com\/blog\/wp-json\/wp\/v2\/media?parent=550"}],"wp:term":[{"taxonomy":"category","embeddable":true,"href":"https:\/\/saraworkwear.com\/blog\/wp-json\/wp\/v2\/categories?post=550"},{"taxonomy":"post_tag","embeddable":true,"href":"https:\/\/saraworkwear.com\/blog\/wp-json\/wp\/v2\/tags?post=550"}],"curies":[{"name":"wp","href":"https:\/\/api.w.org\/{rel}","templated":true}]}}